{"id":1125,"date":"2025-04-30T13:26:49","date_gmt":"2025-04-30T13:26:49","guid":{"rendered":"https:\/\/w3.svv.or.at\/?p=1125"},"modified":"2026-01-23T19:38:38","modified_gmt":"2026-01-23T19:38:38","slug":"unangefochten-an-der-spitze-sv-voecklabruck-glaenzt-in-linz","status":"publish","type":"post","link":"https:\/\/w3.svv.or.at\/?p=1125","title":{"rendered":"Unangefochten an der Spitze: SV V\u00f6cklabruck gl\u00e4nzt in Linz"},"content":{"rendered":"\n<figure class=\"wp-block-image size-large\"><img loading=\"lazy\" decoding=\"async\" width=\"1024\" height=\"768\" src=\"https:\/\/w3.svv.or.at\/wp-content\/uploads\/2025\/04\/SVV_magdalenaKainz-1024x768.jpg\" alt=\"Magdalena Kainz\" class=\"wp-image-1126\" srcset=\"https:\/\/w3.svv.or.at\/wp-content\/uploads\/2025\/04\/SVV_magdalenaKainz-1024x768.jpg 1024w, https:\/\/w3.svv.or.at\/wp-content\/uploads\/2025\/04\/SVV_magdalenaKainz-300x225.jpg 300w, https:\/\/w3.svv.or.at\/wp-content\/uploads\/2025\/04\/SVV_magdalenaKainz-768x576.jpg 768w, https:\/\/w3.svv.or.at\/wp-content\/uploads\/2025\/04\/SVV_magdalenaKainz-1536x1152.jpg 1536w, https:\/\/w3.svv.or.at\/wp-content\/uploads\/2025\/04\/SVV_magdalenaKainz-2048x1536.jpg 2048w\" sizes=\"(max-width: 1024px) 100vw, 1024px\" \/><figcaption class=\"wp-element-caption\">Die 9-j\u00e4hrige Magdalena Kainz schwimmt in Linz zu 8x Edelmetall<\/figcaption><\/figure>\n\n\n\n<p><strong>Am 26. und 27. April 2025 verwandelte sich das Olympiazentrum Ober\u00f6sterreich in Linz (Gugl) beim Schwimm-Meeting des 1. LSK heindl in eine pulsierende B\u00fchne des Schwimmsports. Knapp 2.130 Starts \u00fcber alle Distanzen von 50 m bis 400 m, spannende Staffelbewerbe und Teilnehmer aller Altersklassen pr\u00e4gten das internationale Wettkampfwochenende. 22 Vereine aus \u00d6sterreich, Slowenien, Deutschland und Tschechien sorgten f\u00fcr ein hochklassiges Teilnehmerfeld.<\/strong><\/p>\n\n\n\n<p><strong>Der Schwimmverein V\u00f6cklabruck lie\u00df dabei keinen Zweifel an seiner St\u00e4rke: Mit 34x Gold, 29x Silber und 34x Bronze \u2013 insgesamt 97 Medaillen \u2013 sicherten sich die V\u00f6cklabrucker unangefochten den ersten Platz im Medaillenspiegel, klar vor dem Plaveck\u00fd Klub Znojmo (CZE) und dem ASV Linz. 26 SVV-Talente konnten bei diesem Gro\u00dfevent Medaillen gewinnen.<\/strong><\/p>\n\n\n\n<p>Die Wertung erfolgte strecken- und jahrgangsweise, bei den \u00e4lteren Jahrg\u00e4ngen ab 2010 in zusammengefassten Klassenwertungen (je zwei Jahrg\u00e4nge). Zus\u00e4tzlich gab es eine Mehrlagenwertung im Rahmen der Vorrunde f\u00fcr die \u00d6 Sch\u00fclermeisterschaften, f\u00fcr die jedoch keine Medaillen vergeben wurden.<\/p>\n\n\n\n<p>Der gr\u00f6\u00dfte Teil der Medaillenflut, konkret 40 der 97 Medaillen, ging auf das Konto der j\u00fcngsten SVV-Talente der Jahrg\u00e4nge 2015 und 2016. Gleich 8x schaffte es die erst 9-j\u00e4hrige <strong>Magdalena Kainz<\/strong> auf das Podest, indem sie \u00fcber die verschiedensten Strecken 5x Gold, 2x Silber und 1x Bronze erk\u00e4mpfte. Bei den Burschen war <strong>Nazar Muliarchuk<\/strong> (Jg. 2015) mit 4x Gold \u00fcber Freistil- und R\u00fcckendistanzen, sowie zus\u00e4tzlich 3x Silber und 1x Bronze ebenso erfolgreich unterwegs. In der Mehrlagenwertung landete er auf dem 2. Platz. Die gleichaltrige <strong>Pia Maria Hasforter<\/strong> flog wahrlich \u00fcbers Wasser und holte 3 Siege, sowie je 1x Platz 2 und 3. Im gleichen Jahrgang gingen weitere zwei Siege nach V\u00f6cklabruck an <strong>Valerie Bammer<\/strong>, die ihre Medaillensammlung mit 1x Silber und 2x Bronze vervollst\u00e4ndigte. Die beiden 9 Jahre alten <strong>Balint Bako<\/strong> und <strong>Kerim Dautovic<\/strong> erschwammen je 1x Gold \u00fcber 200 m Brust bzw. 100 m R\u00fccken. Balint durfte sich zus\u00e4tzlich \u00fcber je 2x Silber und Bronze freuen, und Kerim \u00fcber 1x Silber und 3x Bronze. Weitere Medaillen im Jg. 2015 schnappten sich <strong>Romy Mayer<\/strong> und <strong>Mira Sch\u00fcller-Reichl<\/strong> mit je 1x Silber bzw. Bronze, sowie im Jg. 2016 <strong>Moritz Edthofer<\/strong> mit 2x Bronze.<\/p>\n\n\n\n<p>Bei den 11-j\u00e4hrigen vertraten <strong>Vera Reinthaller<\/strong> (je 1x Silber und Bronze) und <strong>Paula Klein<\/strong> (1x Bronze) den SV V\u00f6cklabruck mit Top-Platzierungen. <strong>Niklas Buxbaum<\/strong> schaffte mit konstant starken Leistungen Rang 3 in der Mehrlagenwertung des Jg. 2014.<\/p>\n\n\n\n<p>15 Medaillen erk\u00e4mpften die 12-j\u00e4hrigen V\u00f6cklabrucker. <strong>Hannah Motz<\/strong> siegte 3x \u00fcber Brust- und Lagendistanzen, und sicherte sich in der Mehrlagenwertung den 2. Platz. Zwei Goldene holte sich <strong>Karoline Drack<\/strong> \u00fcber 100 m bzw. 200 m Schmetterling, und mit je 1x Silber und Bronze machte sie das Medaillenquartett voll. Ebenso \u00fcber die Schmetterlingsstrecken, allerdings 50 m und 100 m, blieb <strong>Mihail Cristea<\/strong> siegreich. Mit zweimal Bronze konnte auch er ein Quartett an Medaillen mit nach Hause nehmen. In der Gesamtwertung bedeutete diese Leistung den starken 2. Rang. <strong>Magdalena Burgstaller<\/strong> \u00fcberzeugte mit schnellen Zeiten, sowie 1x Silber und 3x Bronze.<\/p>\n\n\n\n<p>Bei den 14-j\u00e4hrigen (Jg. 2011) lie\u00df sich <strong>Daniel Leitner<\/strong> 4x Gold, sowie 2x Silber \u00fcber Freistil- und R\u00fcckendistanzen nicht nehmen. Auch <strong>Arthur Mayer<\/strong> war mit 2x Rang 2 und 3x Rang 3 sehr erfolgreich unterwegs. Mit 1x Bronze \u00fcber 100 m Schmetterling komplettierte <strong>Alina Cristea <\/strong>die Sammlung in diesem Jahrgang.<\/p>\n\n\n\n<p>6 V\u00f6cklabrucker konnten in der Klasse der 15-\/16-j\u00e4hrigen Edelmetall erringen. Gegen \u00e4ltere Konkurrenten behauptete sich die 15-j\u00e4hrige <strong>Maria Maak <\/strong>mit 3 Siegen und 3 Silbermedaillen in Freistil- und Schmetterlingsbewerben. Ebenso im j\u00fcngeren Jahrgang, aber \u00fcber Brustdistanzen schnappte sich <strong>Jana Sun<\/strong> 2x Bronze. Ihre Vielseitigkeit zeigte die 16-j\u00e4hrige <strong>Azra Dautovic<\/strong> mit 3x Gold, und je 1x Silber und Bronze. Im allerletzten Bewerb, den 200 m R\u00fccken, schwamm <strong>Maximilian Josef Pickl<\/strong> zu Gold, nachdem er davor 2x Silber an Land ziehen konnte.<strong> Finja Zimmermann <\/strong>und <strong>Timea Leitner<\/strong> durften sich \u00fcber 2x bzw. 1x Bronze freuen.<\/p>\n\n\n\n<p>In der Klasse der 17-\/18-j\u00e4hrigen hielten zwei 17-j\u00e4hrige SVV-Schwimmer die SVV-Fahnen hoch. <strong>Tobias Haberl<\/strong> versilberte sich 3x in Freistilbewerben und errang zus\u00e4tzlich eine Bronzemedaille. Je 1x Silber und Bronze ging an <strong>Pia Part<\/strong>.<\/p>\n\n\n\n<p>In den Staffelbewerben konnten sich die V\u00f6cklabrucker Schwimmer \u00fcber 2 Medaillen freuen. Das <strong>Burschen-Quartett<\/strong> (Nazar Muliarchuk, Kerim Dautovic, Niklas Buxbaum, Mihail Cristea) errang Silber \u00fcber 4 x 100 m Freistil, w\u00e4hrend die <strong>M\u00e4dchen-Staffel<\/strong> (Vera Reinthaller, Hannah Motz, Karoline Drack, Pia Maria Hasforter) im Bewerb 4 x 100 m Lagen zu Bronze schwammen.<\/p>\n\n\n\n<p>Nach den Oster-Trainingslagern verlief dieser erste Formtest mehr als erfreulich f\u00fcr die V\u00f6cklabrucker Athleten. Als n\u00e4chsten Bewerb stehen die O\u00d6 Landesmeisterschaften \u00fcber die Langen Strecken Anfang Mai auf der Gugl am Programm.<\/p>\n\n\n\n<div class=\"wp-block-buttons is-layout-flex wp-block-buttons-is-layout-flex\">\n<div class=\"wp-block-button\"><a class=\"wp-block-button__link wp-element-button\" href=\"https:\/\/msecm.at\/de\/veranstaltung-details?eventid=1973\" target=\"_blank\" rel=\"noreferrer noopener\">Alle Ergebnisse<\/a><\/div>\n\n\n\n<div class=\"wp-block-button\"><a class=\"wp-block-button__link wp-element-button\" href=\"https:\/\/photos.app.goo.gl\/3Q1cKBFGnC2V9URF9\" target=\"_blank\" rel=\"noreferrer noopener\">Weitere Fotos<\/a><\/div>\n\n\n\n<div class=\"wp-block-button\"><a class=\"wp-block-button__link wp-element-button\" href=\"https:\/\/www.meinbezirk.at\/voecklabruck\/c-regionauten-community\/unangefochten-an-der-spitze-sv-voecklabruck-glaenzt-in-linz_a7290771\" target=\"_blank\" rel=\"noreferrer noopener\">Mein Bezirk<\/a><\/div>\n\n\n\n<div class=\"wp-block-button\"><a class=\"wp-block-button__link wp-element-button\" href=\"https:\/\/www.tips.at\/nachrichten\/voecklabruck\/sport\/683140-unangefochten-an-der-spitze-sv-voecklabruck-glaenzt-in-linz\" target=\"_blank\" rel=\"noreferrer noopener\">Tips<\/a><\/div>\n<\/div>\n","protected":false},"excerpt":{"rendered":"<p>Am 26. und 27. April 2025 verwandelte sich das Olympiazentrum Ober\u00f6sterreich in Linz (Gugl) beim Schwimm-Meeting des 1. LSK heindl in eine pulsierende B\u00fchne des Schwimmsports. Knapp 2.130 Starts \u00fcber alle Distanzen von 50 m bis 400 m, spannende Staffelbewerbe und Teilnehmer aller Altersklassen pr\u00e4gten das internationale Wettkampfwochenende. 22 Vereine aus \u00d6sterreich, Slowenien, Deutschland und [&hellip;]<\/p>\n","protected":false},"author":2,"featured_media":1126,"comment_status":"open","ping_status":"open","sticky":false,"template":"","format":"standard","meta":{"footnotes":""},"categories":[2],"tags":[],"class_list":["post-1125","post","type-post","status-publish","format-standard","has-post-thumbnail","hentry","category-presse"],"_links":{"self":[{"href":"https:\/\/w3.svv.or.at\/index.php?rest_route=\/wp\/v2\/posts\/1125"}],"collection":[{"href":"https:\/\/w3.svv.or.at\/index.php?rest_route=\/wp\/v2\/posts"}],"about":[{"href":"https:\/\/w3.svv.or.at\/index.php?rest_route=\/wp\/v2\/types\/post"}],"author":[{"embeddable":true,"href":"https:\/\/w3.svv.or.at\/index.php?rest_route=\/wp\/v2\/users\/2"}],"replies":[{"embeddable":true,"href":"https:\/\/w3.svv.or.at\/index.php?rest_route=%2Fwp%2Fv2%2Fcomments&post=1125"}],"version-history":[{"count":8,"href":"https:\/\/w3.svv.or.at\/index.php?rest_route=\/wp\/v2\/posts\/1125\/revisions"}],"predecessor-version":[{"id":1456,"href":"https:\/\/w3.svv.or.at\/index.php?rest_route=\/wp\/v2\/posts\/1125\/revisions\/1456"}],"wp:featuredmedia":[{"embeddable":true,"href":"https:\/\/w3.svv.or.at\/index.php?rest_route=\/wp\/v2\/media\/1126"}],"wp:attachment":[{"href":"https:\/\/w3.svv.or.at\/index.php?rest_route=%2Fwp%2Fv2%2Fmedia&parent=1125"}],"wp:term":[{"taxonomy":"category","embeddable":true,"href":"https:\/\/w3.svv.or.at\/index.php?rest_route=%2Fwp%2Fv2%2Fcategories&post=1125"},{"taxonomy":"post_tag","embeddable":true,"href":"https:\/\/w3.svv.or.at\/index.php?rest_route=%2Fwp%2Fv2%2Ftags&post=1125"}],"curies":[{"name":"wp","href":"https:\/\/api.w.org\/{rel}","templated":true}]}}