{"id":1206,"date":"2025-06-23T08:45:25","date_gmt":"2025-06-23T08:45:25","guid":{"rendered":"https:\/\/w3.svv.or.at\/?p=1206"},"modified":"2026-01-23T19:41:31","modified_gmt":"2026-01-23T19:41:31","slug":"sport-spannung-und-sonnenschein-in-attnang-puchheim-bei-stadtmeisterschaften-im-schwimmen-2025","status":"publish","type":"post","link":"https:\/\/w3.svv.or.at\/?p=1206","title":{"rendered":"Sport, Spannung und Sonnenschein in Attnang-Puchheim bei Stadtmeisterschaften im Schwimmen 2025"},"content":{"rendered":"\n<figure class=\"wp-block-image size-large\"><img loading=\"lazy\" decoding=\"async\" width=\"1024\" height=\"768\" src=\"https:\/\/w3.svv.or.at\/wp-content\/uploads\/2025\/06\/P6221361-1024x768.jpg\" alt=\"\" class=\"wp-image-1208\" srcset=\"https:\/\/w3.svv.or.at\/wp-content\/uploads\/2025\/06\/P6221361-1024x768.jpg 1024w, https:\/\/w3.svv.or.at\/wp-content\/uploads\/2025\/06\/P6221361-300x225.jpg 300w, https:\/\/w3.svv.or.at\/wp-content\/uploads\/2025\/06\/P6221361-768x576.jpg 768w, https:\/\/w3.svv.or.at\/wp-content\/uploads\/2025\/06\/P6221361-1536x1152.jpg 1536w, https:\/\/w3.svv.or.at\/wp-content\/uploads\/2025\/06\/P6221361.jpg 1754w\" sizes=\"(max-width: 1024px) 100vw, 1024px\" \/><\/figure>\n\n\n\n<p><strong>Am 22. Juni 2025 fanden im Apumare Attnang-Puchheim die 45. V\u00f6cklabrucker, 31. Gmundner, 17. Attnang-Puchheimer und 21. Lenzinger Stadtmeisterschaften im Schwimmen statt. Bei strahlendem Sommerwetter verwandelte sich das Freibad in eine sportliche B\u00fchne f\u00fcr insgesamt 159 Meldungen, 60 Einzelteilnehmer und 15 Staffeln. Der Wettbewerb bot ein vielf\u00e4ltiges Programm: F\u00fcr die j\u00fcngsten Jahrg\u00e4nge standen 25 Meter R\u00fccken und Freistil auf dem Plan, w\u00e4hrend die \u00e4lteren Schwimmer in den 50-Meter-Disziplinen Brust, R\u00fccken und Freistil antraten. Auch die beliebten Staffelbewerbe \u2013 4 x 50 m Freistil f\u00fcr Familien und 4 x 25 m Freistil f\u00fcr Schulen, sowie jeweils eine allgemeine Wertung \u2013 sorgten f\u00fcr Begeisterung und Teamgeist.<\/strong><\/p>\n\n\n\n<p>Beeindruckend waren die Leistungen der j\u00fcngsten Teilnehmer in der <strong>Bambini 2 Klasse <\/strong>(Jahrgang 2019 und j\u00fcnger). Hier siegte <strong>Nonna Minkova<\/strong> souver\u00e4n \u00fcber 25 m R\u00fccken, w\u00e4hrend <strong>Martha Silbermann<\/strong> Gold \u00fcber 25 m Freistil holte. Bei den Burschen war <strong>Leonard Ohler<\/strong> der Schnellste \u00fcber die 25&nbsp;m Freistil.<\/p>\n\n\n\n<p>In der <strong>Bambini 1 Klasse (Jahrg\u00e4nge 2017\/18)<\/strong> zeigte <strong>Maya Sch\u00fcller-Reichl<\/strong> ihr gro\u00dfes Talent und gewann sowohl \u00fcber 25 m R\u00fccken als auch 25 m Freistil. Bei den Burschen gingen die Siege an <strong>Jonas Einschwanger<\/strong> (25 m R\u00fccken) und <strong>Georg Stockinger<\/strong> (25 m Freistil).<\/p>\n\n\n\n<p>Die Siege in der <strong>Kinder II Klasse (Jg. 2015\/16)<\/strong> teilten sich <strong>Romy Mayer<\/strong> (50 m Brust) und <strong>Pia Hasforter<\/strong> (50 m R\u00fccken &amp; 50 m Freistil) bei den M\u00e4dchen. Bei den Burschen gl\u00e4nzte <strong>Nazar Muliarchuk<\/strong> mit Siegen \u00fcber 50 m R\u00fccken und Freistil. \u00dcber 50 m Brust wurde ein Doppelsieg gefeiert \u2013 <strong>Nazar Muliarchuk<\/strong> und <strong>Kerim Dautovic<\/strong> siegten ex aequo.<\/p>\n\n\n\n<p>Die <strong>Kinder I Klasse (Jg. 2013\/14)<\/strong> wurde dominiert von <strong>Hannah Motz<\/strong> und <strong>Jakob Edthofer<\/strong>, die jeweils alle drei 50-Meter-Disziplinen f\u00fcr sich entschieden.<\/p>\n\n\n\n<p>In der <strong>Sch\u00fclerklasse (Jg. 2011\/12)<\/strong> triumphierten bei den M\u00e4dchen <strong>Klara Reinthaller<\/strong> (50 m R\u00fccken &amp; Freistil) und <strong>Anna S\u00f6ser<\/strong> (50 m Brust). Bei den Burschen sicherte sich <strong>Arthur Mayer<\/strong> Rang 1 in allen drei Disziplinen.<\/p>\n\n\n\n<p>Auch in der <strong>Jugendklasse (Jg. 2009\/10)<\/strong> gab es starke Leistungen: <strong>Maria Maak<\/strong> entschied 50 m R\u00fccken und Freistil f\u00fcr sich, w\u00e4hrend <strong>Azra Dautovic<\/strong> im Brustschwimmen nicht zu schlagen war. Der \u00fcberragende <strong>Herbert Motz<\/strong> sicherte sich alle drei 50-Meter-Strecken.<\/p>\n\n\n\n<p>In der <strong>Allgemeinen Klasse<\/strong> der Damen war <strong>Pia Part<\/strong> das Ma\u00df der Dinge und holte sich Gold \u00fcber 50 m R\u00fccken, Brust und Freistil. Bei den Herren gewann <strong>Severin Worff<\/strong> die 50 m R\u00fccken, w\u00e4hrend <strong>Paul Part<\/strong> \u00fcber 50 m Freistil und \u2013 gemeinsam mit Severin Worff \u2013 ex aequo \u00fcber 50 m Brust triumphierte.<\/p>\n\n\n\n<p>Besonders spannend verliefen die Staffelbewerbe.<\/p>\n\n\n\n<p>In der <strong>4 x 50 m Freistil-Staffel <\/strong>siegte das Team <strong>\u201eDie M&amp;Ms\u201c<\/strong> mit <strong>Herbert &amp; Hannah Motz<\/strong>, <strong>Arthur &amp; Romy Mayer<\/strong> in der Allgemeinen Wertung. Im Rahmen der <strong>Familienwertung<\/strong> setzten sich <strong>\u201eThe Gators\u201c<\/strong> \u00fcberraschend durch \u2013 bestehend aus <strong>Louis Pichler<\/strong>, <strong>Maya und Mira Sch\u00fcller-Reichl<\/strong> sowie <strong>Leon Pichler<\/strong>. Sie verwiesen die Familien <strong>Reinthaller<\/strong> und die <strong>Buksis<\/strong> auf die Pl\u00e4tze.<\/p>\n\n\n\n<p>Bei der <strong>4 x 25 m Freistil-Staffel (Allgemein)<\/strong> ging der Sieg an <strong>\u201eDie Gmundner\u201c<\/strong> mit <strong>Lisa &amp; Sophie Katterl<\/strong>, <strong>Franziska &amp; Vinzenz Krebs<\/strong>. In der <strong>Schulwertung<\/strong> \u00fcberzeugte <strong>\u201eFranzis 4. Klasse\u201c<\/strong> mit <strong>Maria Stockinger<\/strong>, <strong>Julian Benz<\/strong>, <strong>Philippa Lang<\/strong> und <strong>Felix Einschwanger<\/strong>.<\/p>\n\n\n\n<p>Die <strong>Stadtmeistertitel<\/strong> wurden wie jedes Jahr in den einzelnen St\u00e4dten vergeben \u2013 und auch 2025 gab es wieder spannende Entscheidungen: F\u00fcr <strong>V\u00f6cklabruck<\/strong> sicherte sich <strong>Pia Part<\/strong> in einem packenden Duell mit Azra Dautovic hauchd\u00fcnn den Titel der Stadtmeisterin. Bei den Herren lie\u00df <strong>Herbert Motz<\/strong> keine Zweifel aufkommen und holte sich souver\u00e4n den Titel.<\/p>\n\n\n\n<p><strong>Gmunden<\/strong> darf sich \u00fcber zwei starke Stadtmeister freuen: <strong>Maria Maak<\/strong> \u00fcberzeugte bei den Damen, w\u00e4hrend <strong>Severin Worff<\/strong> bei den Herren die Nase vorn hatte.<\/p>\n\n\n\n<p>F\u00fcr <strong>Attnang-Puchheim<\/strong> ging der Titel an Routinier <strong>Helmut Langthaler<\/strong>, der mit seinen Leistungen \u00fcber alle 50-m-Strecken noch locker mit der Jugend mithalten konnte.<\/p>\n\n\n\n<p>In <strong>Lenzing<\/strong> durften sich die erst siebenj\u00e4hrige <strong>Helene Thurnhofer<\/strong> \u00fcber den Titel der Stadtmeisterin freuen, bei den Herren setzte sich der 17-j\u00e4hrige <strong>Tobias Haberl<\/strong> durch.<\/p>\n\n\n\n<p>Die Stadtmeisterschaften 2025 waren ein voller Erfolg \u2013 sportlich, organisatorisch und wettertechnisch. Von den J\u00fcngsten bis zur Allgemeinen Klasse bewiesen alle Teilnehmer Begeisterung, Kampfgeist und Teamspirit.<\/p>\n\n\n\n<div class=\"wp-block-buttons is-layout-flex wp-block-buttons-is-layout-flex\">\n<div class=\"wp-block-button\"><a class=\"wp-block-button__link wp-element-button\" href=\"https:\/\/w3.svv.or.at\/?page_id=676\">Veranstaltungsinfos<\/a><\/div>\n\n\n\n<div class=\"wp-block-button\"><a class=\"wp-block-button__link wp-element-button\" href=\"https:\/\/w3.svv.or.at\/wp-content\/uploads\/2025\/06\/Protokoll_Stadtmeisterschaften2025.pdf\" target=\"_blank\" rel=\"noreferrer noopener\">Protokoll<\/a><\/div>\n\n\n\n<div class=\"wp-block-button\"><a class=\"wp-block-button__link wp-element-button\" href=\"https:\/\/photos.app.goo.gl\/7kaqX9CNiK12B6Bh7\" target=\"_blank\" rel=\"noreferrer noopener\">Fotos<\/a><\/div>\n\n\n\n<div class=\"wp-block-button\"><a class=\"wp-block-button__link wp-element-button\" href=\"https:\/\/www.tips.at\/nachrichten\/voecklabruck\/sport\/688676-sport-spannung-und-sonnenschein-in-attnang-puchheim-bei-stadtmeisterschaften-im-schwimmen-2025\" target=\"_blank\" rel=\"noreferrer noopener\">Tips<\/a><\/div>\n\n\n\n<div class=\"wp-block-button\"><a class=\"wp-block-button__link wp-element-button\" href=\"https:\/\/www.meinbezirk.at\/voecklabruck\/c-regionauten-community\/sport-spannung-und-sonnenschein-in-attnang-puchheim_a7400666\">Mein Bezirk<\/a><\/div>\n\n\n<\/div>\n\n\n\n<p><\/p>\n\n\n\n<figure class=\"wp-block-image size-large\"><img loading=\"lazy\" decoding=\"async\" width=\"1024\" height=\"768\" src=\"https:\/\/w3.svv.or.at\/wp-content\/uploads\/2025\/06\/WhatsApp-Image-2025-06-22-at-15.35.46-2-1024x768.jpg\" alt=\"\" class=\"wp-image-1209\" srcset=\"https:\/\/w3.svv.or.at\/wp-content\/uploads\/2025\/06\/WhatsApp-Image-2025-06-22-at-15.35.46-2-1024x768.jpg 1024w, https:\/\/w3.svv.or.at\/wp-content\/uploads\/2025\/06\/WhatsApp-Image-2025-06-22-at-15.35.46-2-300x225.jpg 300w, https:\/\/w3.svv.or.at\/wp-content\/uploads\/2025\/06\/WhatsApp-Image-2025-06-22-at-15.35.46-2-768x576.jpg 768w, https:\/\/w3.svv.or.at\/wp-content\/uploads\/2025\/06\/WhatsApp-Image-2025-06-22-at-15.35.46-2-1536x1152.jpg 1536w, https:\/\/w3.svv.or.at\/wp-content\/uploads\/2025\/06\/WhatsApp-Image-2025-06-22-at-15.35.46-2.jpg 2000w\" sizes=\"(max-width: 1024px) 100vw, 1024px\" \/><\/figure>\n\n\n\n<p class=\"has-text-align-center\"><strong>Die V\u00f6cklabrucker Stadtmeister 2025<\/strong><br>v. l. n. r.: B\u00fcrgermeister Peter Schobesberger, Stadtmeisterin Pia Part, Stadtmeister Herbert Motz, Sportreferentin Tanja Grander<\/p>\n\n\n\n<figure class=\"wp-block-image size-large\"><img loading=\"lazy\" decoding=\"async\" width=\"1024\" height=\"768\" src=\"https:\/\/w3.svv.or.at\/wp-content\/uploads\/2025\/06\/P6221518-1024x768.jpg\" alt=\"\" class=\"wp-image-1211\" srcset=\"https:\/\/w3.svv.or.at\/wp-content\/uploads\/2025\/06\/P6221518-1024x768.jpg 1024w, https:\/\/w3.svv.or.at\/wp-content\/uploads\/2025\/06\/P6221518-300x225.jpg 300w, https:\/\/w3.svv.or.at\/wp-content\/uploads\/2025\/06\/P6221518-768x576.jpg 768w, https:\/\/w3.svv.or.at\/wp-content\/uploads\/2025\/06\/P6221518-1536x1152.jpg 1536w, https:\/\/w3.svv.or.at\/wp-content\/uploads\/2025\/06\/P6221518.jpg 2000w\" sizes=\"(max-width: 1024px) 100vw, 1024px\" \/><\/figure>\n\n\n\n<p class=\"has-text-align-center\"><strong>Die Gmundner Stadtmeister 2025<\/strong><br>v. l. n. r.: Christine Hinterwirth, Stadtmeisterin Maria Maak, Sportreferent Maximilian Attwenger<\/p>\n\n\n\n<figure class=\"wp-block-image size-large\"><img loading=\"lazy\" decoding=\"async\" width=\"1024\" height=\"768\" src=\"https:\/\/w3.svv.or.at\/wp-content\/uploads\/2025\/06\/P6221511-1024x768.jpg\" alt=\"\" class=\"wp-image-1213\" srcset=\"https:\/\/w3.svv.or.at\/wp-content\/uploads\/2025\/06\/P6221511-1024x768.jpg 1024w, https:\/\/w3.svv.or.at\/wp-content\/uploads\/2025\/06\/P6221511-300x225.jpg 300w, https:\/\/w3.svv.or.at\/wp-content\/uploads\/2025\/06\/P6221511-768x576.jpg 768w, https:\/\/w3.svv.or.at\/wp-content\/uploads\/2025\/06\/P6221511-1536x1152.jpg 1536w, https:\/\/w3.svv.or.at\/wp-content\/uploads\/2025\/06\/P6221511.jpg 2000w\" sizes=\"(max-width: 1024px) 100vw, 1024px\" \/><\/figure>\n\n\n\n<p class=\"has-text-align-center\"><strong>Die Lenzinger Stadtmeister 2025<\/strong><br>v. l. n. r.: Stadtmeister Tobias Haberl, Stadtmeisterin Helene Thurnhofer, Sportreferent Josef Zauner<\/p>\n\n\n\n<figure class=\"wp-block-image size-large\"><img loading=\"lazy\" decoding=\"async\" width=\"1024\" height=\"768\" src=\"https:\/\/w3.svv.or.at\/wp-content\/uploads\/2025\/06\/P6221515-1024x768.jpg\" alt=\"\" class=\"wp-image-1214\" srcset=\"https:\/\/w3.svv.or.at\/wp-content\/uploads\/2025\/06\/P6221515-1024x768.jpg 1024w, https:\/\/w3.svv.or.at\/wp-content\/uploads\/2025\/06\/P6221515-300x225.jpg 300w, https:\/\/w3.svv.or.at\/wp-content\/uploads\/2025\/06\/P6221515-768x576.jpg 768w, https:\/\/w3.svv.or.at\/wp-content\/uploads\/2025\/06\/P6221515-1536x1152.jpg 1536w, https:\/\/w3.svv.or.at\/wp-content\/uploads\/2025\/06\/P6221515.jpg 2000w\" sizes=\"(max-width: 1024px) 100vw, 1024px\" \/><\/figure>\n\n\n\n<p class=\"has-text-align-center\"><strong>Die Attnang-Puchheimer Stadtmeister 2025<\/strong><br>v. l. n. r.: Stadtmeister Helmut Langthaler, Obmann-Stv. Sportausschuss Franz Pohn<\/p>\n","protected":false},"excerpt":{"rendered":"<p>Am 22. Juni 2025 fanden im Apumare Attnang-Puchheim die 45. V\u00f6cklabrucker, 31. Gmundner, 17. Attnang-Puchheimer und 21. Lenzinger Stadtmeisterschaften im Schwimmen statt. Bei strahlendem Sommerwetter verwandelte sich das Freibad in eine sportliche B\u00fchne f\u00fcr insgesamt 159 Meldungen, 60 Einzelteilnehmer und 15 Staffeln. Der Wettbewerb bot ein vielf\u00e4ltiges Programm: F\u00fcr die j\u00fcngsten Jahrg\u00e4nge standen 25 Meter [&hellip;]<\/p>\n","protected":false},"author":2,"featured_media":1208,"comment_status":"open","ping_status":"open","sticky":false,"template":"","format":"standard","meta":{"footnotes":""},"categories":[2],"tags":[],"class_list":["post-1206","post","type-post","status-publish","format-standard","has-post-thumbnail","hentry","category-presse"],"_links":{"self":[{"href":"https:\/\/w3.svv.or.at\/index.php?rest_route=\/wp\/v2\/posts\/1206"}],"collection":[{"href":"https:\/\/w3.svv.or.at\/index.php?rest_route=\/wp\/v2\/posts"}],"about":[{"href":"https:\/\/w3.svv.or.at\/index.php?rest_route=\/wp\/v2\/types\/post"}],"author":[{"embeddable":true,"href":"https:\/\/w3.svv.or.at\/index.php?rest_route=\/wp\/v2\/users\/2"}],"replies":[{"embeddable":true,"href":"https:\/\/w3.svv.or.at\/index.php?rest_route=%2Fwp%2Fv2%2Fcomments&post=1206"}],"version-history":[{"count":11,"href":"https:\/\/w3.svv.or.at\/index.php?rest_route=\/wp\/v2\/posts\/1206\/revisions"}],"predecessor-version":[{"id":1460,"href":"https:\/\/w3.svv.or.at\/index.php?rest_route=\/wp\/v2\/posts\/1206\/revisions\/1460"}],"wp:featuredmedia":[{"embeddable":true,"href":"https:\/\/w3.svv.or.at\/index.php?rest_route=\/wp\/v2\/media\/1208"}],"wp:attachment":[{"href":"https:\/\/w3.svv.or.at\/index.php?rest_route=%2Fwp%2Fv2%2Fmedia&parent=1206"}],"wp:term":[{"taxonomy":"category","embeddable":true,"href":"https:\/\/w3.svv.or.at\/index.php?rest_route=%2Fwp%2Fv2%2Fcategories&post=1206"},{"taxonomy":"post_tag","embeddable":true,"href":"https:\/\/w3.svv.or.at\/index.php?rest_route=%2Fwp%2Fv2%2Ftags&post=1206"}],"curies":[{"name":"wp","href":"https:\/\/api.w.org\/{rel}","templated":true}]}}