{"id":1280,"date":"2025-10-23T13:05:57","date_gmt":"2025-10-23T13:05:57","guid":{"rendered":"https:\/\/w3.svv.or.at\/?p=1280"},"modified":"2026-01-23T19:43:02","modified_gmt":"2026-01-23T19:43:02","slug":"svv-schwimmer-zeigen-volle-power-zum-saisonstart","status":"publish","type":"post","link":"https:\/\/w3.svv.or.at\/?p=1280","title":{"rendered":"SVV-Schwimmer zeigen volle Power zum Saisonstart"},"content":{"rendered":"\n<figure class=\"wp-block-image size-large is-resized\"><img loading=\"lazy\" decoding=\"async\" width=\"768\" height=\"1024\" src=\"https:\/\/w3.svv.or.at\/wp-content\/uploads\/2025\/10\/SVV_USCTraun2-768x1024.jpeg\" alt=\"\" class=\"wp-image-1292\" style=\"width:358px;height:auto\" srcset=\"https:\/\/w3.svv.or.at\/wp-content\/uploads\/2025\/10\/SVV_USCTraun2-768x1024.jpeg 768w, https:\/\/w3.svv.or.at\/wp-content\/uploads\/2025\/10\/SVV_USCTraun2-225x300.jpeg 225w, https:\/\/w3.svv.or.at\/wp-content\/uploads\/2025\/10\/SVV_USCTraun2-1152x1536.jpeg 1152w, https:\/\/w3.svv.or.at\/wp-content\/uploads\/2025\/10\/SVV_USCTraun2.jpeg 1200w\" sizes=\"(max-width: 768px) 100vw, 768px\" \/><\/figure>\n\n\n\n<p><strong><br><br>Energiegeladen und sehr erfolgreich starteten die Schwimmer des SV V\u00f6cklabruck in die neue Schwimmsaison. Der A-Kader \u00fcberzeugte beim 41. Internationalen Schwimm-Meeting<br>der SU Generali Salzburg am 11.\/12.10.2025 in Rif, w\u00e4hrend die Nachwuchstalente beim USC Traun Schwimm-Meeting am 18.\/19.10.2025 zahlreiche Medaillen abr\u00e4umen konnten. Bei beiden Bewerben waren zahlreiche Vereine aus dem In- und Ausland (\u00d6sterreich, Deutschland, Ungarn, Slowakei, Slowenien, Schweiz) am Start und bildeten ein starkes Starterfeld.<\/strong><\/p>\n\n\n\n<p>Insgesamt erschwamm der SVV A-Kader beim Meeting in Salzburg <strong>5 Gold-, 1 Silber- und 4 Bronzemedaillen<\/strong> \u2013 ein starkes Signal f\u00fcr die kommenden Wettk\u00e4mpfe.<\/p>\n\n\n\n<p>\u00dcberragender Athlet des Wochenendes war <strong>Daniel Leitner <\/strong>(Jg. 2011). Er sicherte sich gleich vier Goldmedaillen und gewann einmal Bronze. Besonders hervorzuheben ist seine Leistung \u00fcber 100 m Freistil, die als punktebeste Leistung seiner Altersklasse ausgezeichnet wurde.<\/p>\n\n\n\n<p>Ebenfalls in Topform pr\u00e4sentierte sich der gleichaltrige <strong>Arthur Mayer.<\/strong> Er \u00fcberzeugte mit sechs pers\u00f6nlichen Bestzeiten bei gleich vielen Starts und holte je einmal Silber und Bronze. Auch der 15-j\u00e4hrige<strong> Herbert Motz<\/strong> gl\u00e4nzte mit einer starken Leistung gegen \u00e4ltere Konkurrenz und sicherte sich Bronze \u00fcber 100 m Brust.<\/p>\n\n\n\n<p>Die <strong>Damenstaffel<\/strong> mit <strong>Pia Part<\/strong>, <strong>Azra Dautovic<\/strong>, <strong>Franziska Ruttenstock<\/strong> und <strong>Maria Maak<\/strong> konnte sich \u00fcber den 3. Rang freuen und damit einen Platz am Podium sichern.<\/p>\n\n\n\n<p>Im gleichen Bewerb zeigte die <strong>Herrenstaffel \u00fcber 4 x 50 m Lagen<\/strong> mit <strong>Tobias Haberl<\/strong>, <strong>Herbert Motz<\/strong>, <strong>Arthur Mayer<\/strong> und <strong>Daniel Leitner<\/strong> eine starke Vorstellung und verpasste das Podest mit Rang 4 und 9 Hundertstel R\u00fcckstand auf den Drittplatzierten (SU Generali Salzburg) nur knapp.<\/p>\n\n\n\n<hr class=\"wp-block-separator has-alpha-channel-opacity\"\/>\n\n\n\n<p>Die SVV-Youngsters r\u00e4umten beim <strong>USC Traun Schwimm-Meeting <\/strong>insgesamt 23x Gold, 14x Silber und 7x Bronze ab.<\/p>\n\n\n\n<p>Die 9-j\u00e4hrige <strong>Magdalena Kainz<\/strong> \u00fcberzeugte mit sechs Goldmedaillen und holte sich mit ihrer Zeit \u00fcber 100 m Freistil die punktebeste Leistung ihres Jahrgangs.<\/p>\n\n\n\n<p>Ebenso stark pr\u00e4sentierte sich der 11 Jahre alte <strong>Jakob Edthofer<\/strong>, der ebenfalls sechsmal Gold gewann und \u00fcber 400 m Freistil die punktebeste Leistung erzielte.<\/p>\n\n\n\n<p>Seine Vielseitigkeit bewies<strong> Nazar Muliarchuk<\/strong> (Jg. 2015) mit vier Goldenen und einer Silbermedaille. Besonders knapp fiel die Entscheidung \u00fcber den Sieg im Bewerb 400 m Freistil. Nazar schlug im direkten Duell mit seinem Konkurrenten Leon Erlmoser (SU Generali Salzburg) nur hauchd\u00fcnn (1 Hundertstelsekunde) vor ihm an.<\/p>\n\n\n\n<p>Stark zeigte sich auch <strong>Eszter Bako<\/strong> (7 Jahre) mit Gold \u00fcber 25 m Freistil, und damit der punktebesten Leistung ihres Jahrgangs. Zus\u00e4tzlich schwamm sie zu einer Silbernen. Ihr 9-j\u00e4hriger Bruder <strong>Balint Bako<\/strong> gl\u00e4nzte mit Gold im Bewerb 100 m Schmetterling und zwei Bronzemedaillen.<\/p>\n\n\n\n<p>Der ebenfalls 9-j\u00e4hrige <strong>Kerim Dautovic<\/strong> holte ein Silber-Quartett, und erk\u00e4mpfte sich Gold im letzten Bewerb (200 m Lagen) mit einer Aufholjagd auf den letzten 50 Metern.<\/p>\n\n\n\n<p>Starke Erfolge f\u00fcr den SVV gab es auch bei den 10-j\u00e4hrigen M\u00e4dchen. <strong>Valerie Bammer, Pia Maria Hasforter und Romy Mayer<\/strong> erschwammen jeweils 2x Silber. Zus\u00e4tzlich gab es 3x bzw. 1x Bronze f\u00fcr Valerie und Pia Maria.<\/p>\n\n\n\n<p>Je eine Silbermedaille zogen <strong>Maya Sch\u00fcller-Reichl<\/strong> (Jg. 2017) und <strong>Moritz Edthofer<\/strong> (Jg. 2016) an Land. <strong>Paula Klein<\/strong> komplettierte die SVV-Medaillensammlung mit einer Bronzenen.<\/p>\n\n\n\n<div class=\"wp-block-buttons is-layout-flex wp-block-buttons-is-layout-flex\">\n<div class=\"wp-block-button\"><a class=\"wp-block-button__link wp-element-button\" href=\"https:\/\/msecm.at\/de\/veranstaltung-details?eventid=2049\">Ergebnisse Salzburg<\/a><\/div>\n\n\n\n<div class=\"wp-block-button\"><a class=\"wp-block-button__link wp-element-button\" href=\"https:\/\/msecm.at\/de\/veranstaltung-details?eventid=2067\">Ergebnisse Traun<\/a><\/div>\n\n\n\n<div class=\"wp-block-button\"><a class=\"wp-block-button__link wp-element-button\" href=\"https:\/\/photos.app.goo.gl\/x558rCDf17Pb7kdX9\" target=\"_blank\" rel=\"noreferrer noopener\">Fotos Salzburg<\/a><\/div>\n\n\n\n<div class=\"wp-block-button\"><a class=\"wp-block-button__link wp-element-button\" href=\"https:\/\/photos.app.goo.gl\/7kaqX9CNiK12B6Bh7\" target=\"_blank\" rel=\"noreferrer noopener\">Fotos Traun<\/a><\/div>\n\n\n\n<div class=\"wp-block-button\"><a class=\"wp-block-button__link wp-element-button\" href=\"https:\/\/www.meinbezirk.at\/voecklabruck\/c-regionauten-community\/svv-schwimmer-zeigen-volle-power-zum-saisonstart_a7767990\" target=\"_blank\" rel=\"noreferrer noopener\">Mein Bezirk<\/a><\/div>\n\n\n\n<div class=\"wp-block-button\"><a class=\"wp-block-button__link wp-element-button\" href=\"https:\/\/www.tips.at\/nachrichten\/voecklabruck\/sport\/702364-svv-schwimmer-zeigen-volle-power-zum-saisonstart\" target=\"_blank\" rel=\"noreferrer noopener\">Tips V\u00f6cklabruck<\/a><\/div>\n<\/div>\n\n\n\n<figure class=\"wp-block-image size-large\"><img loading=\"lazy\" decoding=\"async\" width=\"1024\" height=\"769\" src=\"https:\/\/w3.svv.or.at\/wp-content\/uploads\/2025\/10\/SVV_MannschaftSalzburg-1024x769.jpeg\" alt=\"\" class=\"wp-image-1282\" srcset=\"https:\/\/w3.svv.or.at\/wp-content\/uploads\/2025\/10\/SVV_MannschaftSalzburg-1024x769.jpeg 1024w, https:\/\/w3.svv.or.at\/wp-content\/uploads\/2025\/10\/SVV_MannschaftSalzburg-300x225.jpeg 300w, https:\/\/w3.svv.or.at\/wp-content\/uploads\/2025\/10\/SVV_MannschaftSalzburg-768x576.jpeg 768w, https:\/\/w3.svv.or.at\/wp-content\/uploads\/2025\/10\/SVV_MannschaftSalzburg.jpeg 1439w\" sizes=\"(max-width: 1024px) 100vw, 1024px\" \/><figcaption class=\"wp-element-caption\">Die SVV-Mannschaft in Salzburg<\/figcaption><\/figure>\n","protected":false},"excerpt":{"rendered":"<p>Energiegeladen und sehr erfolgreich starteten die Schwimmer des SV V\u00f6cklabruck in die neue Schwimmsaison. Der A-Kader \u00fcberzeugte beim 41. Internationalen Schwimm-Meetingder SU Generali Salzburg am 11.\/12.10.2025 in Rif, w\u00e4hrend die Nachwuchstalente beim USC Traun Schwimm-Meeting am 18.\/19.10.2025 zahlreiche Medaillen abr\u00e4umen konnten. Bei beiden Bewerben waren zahlreiche Vereine aus dem In- und Ausland (\u00d6sterreich, Deutschland, Ungarn, [&hellip;]<\/p>\n","protected":false},"author":2,"featured_media":1292,"comment_status":"open","ping_status":"open","sticky":false,"template":"","format":"standard","meta":{"footnotes":""},"categories":[2],"tags":[],"class_list":["post-1280","post","type-post","status-publish","format-standard","has-post-thumbnail","hentry","category-presse"],"_links":{"self":[{"href":"https:\/\/w3.svv.or.at\/index.php?rest_route=\/wp\/v2\/posts\/1280"}],"collection":[{"href":"https:\/\/w3.svv.or.at\/index.php?rest_route=\/wp\/v2\/posts"}],"about":[{"href":"https:\/\/w3.svv.or.at\/index.php?rest_route=\/wp\/v2\/types\/post"}],"author":[{"embeddable":true,"href":"https:\/\/w3.svv.or.at\/index.php?rest_route=\/wp\/v2\/users\/2"}],"replies":[{"embeddable":true,"href":"https:\/\/w3.svv.or.at\/index.php?rest_route=%2Fwp%2Fv2%2Fcomments&post=1280"}],"version-history":[{"count":11,"href":"https:\/\/w3.svv.or.at\/index.php?rest_route=\/wp\/v2\/posts\/1280\/revisions"}],"predecessor-version":[{"id":1461,"href":"https:\/\/w3.svv.or.at\/index.php?rest_route=\/wp\/v2\/posts\/1280\/revisions\/1461"}],"wp:featuredmedia":[{"embeddable":true,"href":"https:\/\/w3.svv.or.at\/index.php?rest_route=\/wp\/v2\/media\/1292"}],"wp:attachment":[{"href":"https:\/\/w3.svv.or.at\/index.php?rest_route=%2Fwp%2Fv2%2Fmedia&parent=1280"}],"wp:term":[{"taxonomy":"category","embeddable":true,"href":"https:\/\/w3.svv.or.at\/index.php?rest_route=%2Fwp%2Fv2%2Fcategories&post=1280"},{"taxonomy":"post_tag","embeddable":true,"href":"https:\/\/w3.svv.or.at\/index.php?rest_route=%2Fwp%2Fv2%2Ftags&post=1280"}],"curies":[{"name":"wp","href":"https:\/\/api.w.org\/{rel}","templated":true}]}}