{"id":1372,"date":"2025-12-15T15:56:12","date_gmt":"2025-12-15T15:56:12","guid":{"rendered":"https:\/\/w3.svv.or.at\/?p=1372"},"modified":"2025-12-15T16:03:46","modified_gmt":"2025-12-15T16:03:46","slug":"svv-ueberzeugt-bei-kurzbahn-oem-mit-finalplaetzen-ooe-rekord-ak-14","status":"publish","type":"post","link":"https:\/\/w3.svv.or.at\/?p=1372","title":{"rendered":"SVV \u00fcberzeugt bei Kurzbahn-\u00d6M mit Finalpl\u00e4tzen &amp; O\u00d6-Rekord AK 14"},"content":{"rendered":"\n<figure class=\"wp-block-image size-large is-resized\"><img loading=\"lazy\" decoding=\"async\" width=\"1024\" height=\"1024\" src=\"https:\/\/w3.svv.or.at\/wp-content\/uploads\/2025\/12\/SVV_OEKurzbahnGraz2025-1024x1024.jpeg\" alt=\"\" class=\"wp-image-1373\" style=\"width:586px;height:auto\" srcset=\"https:\/\/w3.svv.or.at\/wp-content\/uploads\/2025\/12\/SVV_OEKurzbahnGraz2025-1024x1024.jpeg 1024w, https:\/\/w3.svv.or.at\/wp-content\/uploads\/2025\/12\/SVV_OEKurzbahnGraz2025-300x300.jpeg 300w, https:\/\/w3.svv.or.at\/wp-content\/uploads\/2025\/12\/SVV_OEKurzbahnGraz2025-150x150.jpeg 150w, https:\/\/w3.svv.or.at\/wp-content\/uploads\/2025\/12\/SVV_OEKurzbahnGraz2025-768x768.jpeg 768w, https:\/\/w3.svv.or.at\/wp-content\/uploads\/2025\/12\/SVV_OEKurzbahnGraz2025-400x400.jpeg 400w, https:\/\/w3.svv.or.at\/wp-content\/uploads\/2025\/12\/SVV_OEKurzbahnGraz2025.jpeg 1200w\" sizes=\"(max-width: 1024px) 100vw, 1024px\" \/><figcaption class=\"wp-element-caption\">Das SVV-Team in Graz mit Trainer Tarik Dautovic (links)<\/figcaption><\/figure>\n\n\n\n<p><strong>Bei den 13. Int. \u00d6sterreichischen Kurzbahnmeisterschaften von 11. bis 14. Dezember 2025 in Graz pr\u00e4sentierte sich der Schwimmverein V\u00f6cklabruck (SVV) mit einer siebenk\u00f6pfigen Mannschaft in ausgezeichneter Form. Mit Teilnahmen in 4 A-Finalen (Top 10) und 6 B-Finalen (Platz 11 bis 20), zahlreichen pers\u00f6nlichen Bestleistungen und einem O\u00d6-Rekord in der AK14 setzte das Team zum Jahresabschluss ein starkes Ausrufezeichen auf nationaler B\u00fchne.<\/strong><\/p>\n\n\n\n<p>Allen voran feierte <strong>Franziska Ruttenstock<\/strong> (24) ein beeindruckendes Comeback bei \u00d6sterreichischen Meisterschaften. Bereits am Freitag qualifizierte sie sich direkt f\u00fcr das A-Finale \u00fcber 100 m Schmetterling und belegte dort den starken 5. Rang.<\/p>\n\n\n\n<p>Am Samstag folgten weitere A-Finalqualifikationen \u00fcber 50 m Schmetterling, 100 m Lagen und 100 m R\u00fccken. Am Nachmittag fokussierte sie sich auf die beiden erstgenannten Finalteilnahmen. Der ausgezeichnete 5. Platz \u00fcber 50 m Schmetterling best\u00e4tigte diese Entscheidung. Mit dem undankbaren Rang 4 \u00fcber 100 m Lagen schrammte sie au\u00dferdem nur knapp am Podest vorbei. Besonders erfreulich: Bei jedem Start konnte Franziska ihre Vorlaufleistung im Finale nochmals steigern.<\/p>\n\n\n\n<p>Am letzten Wettkampftag best\u00e4tigte Franziska Ruttenstock ihre Topform mit dem A-Finale \u00fcber 50 m R\u00fccken und Rang 7, wobei sie ihre gute Vorlaufzeit erneut untermauerte.<\/p>\n\n\n\n<p>Der erst 14-j\u00e4hrige<strong> Daniel Leitner<\/strong> war einer der j\u00fcngsten Teilnehmer des gesamten Feldes und gl\u00e4nzte mit einer Serie pers\u00f6nlicher Bestleistungen \u00fcber 50 m, 100 m und 200 m Freistil sowie 100 m Lagen. Seine Zeit von 53,29 Sekunden \u00fcber 100 m Freistil bedeutete eine neuerliche Verbesserung seines eigenen, erst vor 2 Wochen aufgestellten O\u00d6-Rekords in der AK 14.<\/p>\n\n\n\n<p><strong>Maria Maak<\/strong> (15) zeigte konstante Leistungen auf hohem Niveau und stellte mehrere pers\u00f6nliche Bestzeiten auf. Sie qualifizierte sich f\u00fcr die B-Finali \u00fcber 100 m Schmetterling (Rang 18), 50 m Schmetterling (Rang 17) sowie 200 m Lagen (Rang 19). Damit stand sie an jedem Wettkampftag in einem Finale!<\/p>\n\n\n\n<p>Die 16 Jahre alte <strong>Azra Dautovic<\/strong> \u00fcberzeugte mit einer starken pers\u00f6nlichen Bestzeit \u00fcber 400 m Freistil, die ihr den Einzug ins B-Finale und Rang 18 einbrachte. Zus\u00e4tzlich erreichte sie \u00fcber 200 m Brust ein weiteres B-Finale und belegte Rang 20.<\/p>\n\n\n\n<p>Eine perfekte pers\u00f6nliche Bestzeitenquote erzielte <strong>Karl Alexander Fischereder<\/strong> (18). Besonders knapp verpasste er \u00fcber 100 m Schmetterling die magische Ein-Minuten-Grenze und belegte im B-Finale Rang 20, nur eine Hundertstelsekunde \u00fcber dieser Marke.<\/p>\n\n\n\n<p>Der 17-j\u00e4hrige<strong> Tobias Haberl<\/strong> konnte sich \u00fcber drei neue pers\u00f6nliche Bestzeiten freuen und trug somit zum Top-Ergebnis des Schwimmvereins V\u00f6cklabruck erheblich bei.<\/p>\n\n\n\n<p>Abgerundet wurde der starke SVV-Auftritt durch <strong>Finja Zimmermann<\/strong> (16), die mit starken Leistungen \u00fcber das Freistil-Trio von 50 m bis 200 m \u00fcberzeugte und wertvolle Erfahrungen auf nationaler Ebene sammelte.<\/p>\n\n\n\n<p>Der <strong>Schwimmverein V\u00f6cklabruck<\/strong> blickt stolz auf diese erfolgreichen \u00d6sterreichischen Kurzbahnmeisterschaften zur\u00fcck. Die Mischung aus erfahrenen Athletinnen, starken Nachwuchstalenten und zahlreichen Leistungssteigerungen unterstreicht die hervorragende sportliche Entwicklung des Vereins.<\/p>\n\n\n\n<div class=\"wp-block-buttons is-layout-flex wp-block-buttons-is-layout-flex\">\n<div class=\"wp-block-button\"><a class=\"wp-block-button__link wp-element-button\" href=\"https:\/\/msecm.at\/de\/veranstaltung-details?eventid=2000\" target=\"_blank\" rel=\"noreferrer noopener nofollow\">Alle Ergebnisse<\/a><\/div>\n\n\n\n<div class=\"wp-block-button\"><a class=\"wp-block-button__link wp-element-button\" href=\"https:\/\/msecm.at\/events\/oekbm25\/pdfresults\/sv%20voecklabruck.pdf\" target=\"_blank\" rel=\"noreferrer noopener nofollow\">Ergebnisse SVV<\/a><\/div>\n\n\n\n<div class=\"wp-block-button\"><a class=\"wp-block-button__link wp-element-button\" href=\"https:\/\/www.meinbezirk.at\/voecklabruck\/c-regionauten-community\/svv-ueberzeugt-bei-kurzbahn-oem-mit-finalplaetzen-und-ooe-rekord-ak-14_a7889764\">Mein Bezirk<\/a><\/div>\n\n\n\n<div class=\"wp-block-button\"><a class=\"wp-block-button__link wp-element-button\" href=\"https:\/\/www.tips.at\/nachrichten\/voecklabruck\/sport\/708192-svv-ueberzeugt-bei-kurzbahn-oem-mit-finalplaetzen-ooe-rekord-ak-14\" target=\"_blank\" rel=\"noreferrer noopener nofollow\">Tips<\/a><\/div>\n<\/div>\n","protected":false},"excerpt":{"rendered":"<p>Bei den 13. Int. \u00d6sterreichischen Kurzbahnmeisterschaften von 11. bis 14. Dezember 2025 in Graz pr\u00e4sentierte sich der Schwimmverein V\u00f6cklabruck (SVV) mit einer siebenk\u00f6pfigen Mannschaft in ausgezeichneter Form. Mit Teilnahmen in 4 A-Finalen (Top 10) und 6 B-Finalen (Platz 11 bis 20), zahlreichen pers\u00f6nlichen Bestleistungen und einem O\u00d6-Rekord in der AK14 setzte das Team zum Jahresabschluss [&hellip;]<\/p>\n","protected":false},"author":2,"featured_media":1373,"comment_status":"open","ping_status":"open","sticky":false,"template":"","format":"standard","meta":{"footnotes":""},"categories":[2],"tags":[],"class_list":["post-1372","post","type-post","status-publish","format-standard","has-post-thumbnail","hentry","category-presse"],"_links":{"self":[{"href":"https:\/\/w3.svv.or.at\/index.php?rest_route=\/wp\/v2\/posts\/1372"}],"collection":[{"href":"https:\/\/w3.svv.or.at\/index.php?rest_route=\/wp\/v2\/posts"}],"about":[{"href":"https:\/\/w3.svv.or.at\/index.php?rest_route=\/wp\/v2\/types\/post"}],"author":[{"embeddable":true,"href":"https:\/\/w3.svv.or.at\/index.php?rest_route=\/wp\/v2\/users\/2"}],"replies":[{"embeddable":true,"href":"https:\/\/w3.svv.or.at\/index.php?rest_route=%2Fwp%2Fv2%2Fcomments&post=1372"}],"version-history":[{"count":3,"href":"https:\/\/w3.svv.or.at\/index.php?rest_route=\/wp\/v2\/posts\/1372\/revisions"}],"predecessor-version":[{"id":1376,"href":"https:\/\/w3.svv.or.at\/index.php?rest_route=\/wp\/v2\/posts\/1372\/revisions\/1376"}],"wp:featuredmedia":[{"embeddable":true,"href":"https:\/\/w3.svv.or.at\/index.php?rest_route=\/wp\/v2\/media\/1373"}],"wp:attachment":[{"href":"https:\/\/w3.svv.or.at\/index.php?rest_route=%2Fwp%2Fv2%2Fmedia&parent=1372"}],"wp:term":[{"taxonomy":"category","embeddable":true,"href":"https:\/\/w3.svv.or.at\/index.php?rest_route=%2Fwp%2Fv2%2Fcategories&post=1372"},{"taxonomy":"post_tag","embeddable":true,"href":"https:\/\/w3.svv.or.at\/index.php?rest_route=%2Fwp%2Fv2%2Ftags&post=1372"}],"curies":[{"name":"wp","href":"https:\/\/api.w.org\/{rel}","templated":true}]}}