{"id":1527,"date":"2026-03-11T12:41:53","date_gmt":"2026-03-11T12:41:53","guid":{"rendered":"https:\/\/w3.svv.or.at\/?p=1527"},"modified":"2026-03-12T15:13:31","modified_gmt":"2026-03-12T15:13:31","slug":"svv-mit-bester-bilanz-aus-ooe-bei-oe-nachwuchsmeisterschaften","status":"publish","type":"post","link":"https:\/\/w3.svv.or.at\/?p=1527","title":{"rendered":"SVV mit bester Bilanz aus O\u00d6 bei \u00d6 Nachwuchsmeisterschaften"},"content":{"rendered":"\n<figure class=\"wp-block-image size-large\"><img loading=\"lazy\" decoding=\"async\" width=\"1024\" height=\"768\" src=\"https:\/\/w3.svv.or.at\/wp-content\/uploads\/2026\/03\/SVV_Mannschaft_Graz2026-2-1024x768.jpg\" alt=\"\" class=\"wp-image-1542\" srcset=\"https:\/\/w3.svv.or.at\/wp-content\/uploads\/2026\/03\/SVV_Mannschaft_Graz2026-2-1024x768.jpg 1024w, https:\/\/w3.svv.or.at\/wp-content\/uploads\/2026\/03\/SVV_Mannschaft_Graz2026-2-300x225.jpg 300w, https:\/\/w3.svv.or.at\/wp-content\/uploads\/2026\/03\/SVV_Mannschaft_Graz2026-2-768x576.jpg 768w, https:\/\/w3.svv.or.at\/wp-content\/uploads\/2026\/03\/SVV_Mannschaft_Graz2026-2-1536x1152.jpg 1536w, https:\/\/w3.svv.or.at\/wp-content\/uploads\/2026\/03\/SVV_Mannschaft_Graz2026-2-2048x1536.jpg 2048w\" sizes=\"(max-width: 1024px) 100vw, 1024px\" \/><figcaption class=\"wp-element-caption\">Die SVV-Mannschaft in Graz<br>vorne v. l. n. r.: Sophie Burgstaller, Hannah Motz, Magdalena Burgstaller, Jakob Edthofer<br>hinten v. l. n. r.: Trainer Tarik Dautovic, Daniel Leitner, Herbert Motz<br>fehlend: Karoline Drack<\/figcaption><\/figure>\n\n\n\n<p><strong>Von 6. bis 8. M\u00e4rz 2026 fanden in der Auster Graz die \u00d6sterreichischen Meisterschaften der Nachwuchsklassen im Schwimmen statt. Insgesamt 471 Schwimmer aus ganz \u00d6sterreich sorgten mit mehr als 2.000 Starts in sechs Abschnitten an drei Wettkampftagen f\u00fcr ein stark besetztes Teilnehmerfeld. 45 Vereine waren vertreten, darunter auch der Schwimmverein V\u00f6cklabruck, dessen Nachwuchssportler mit zahlreichen pers\u00f6nlichen Bestleistungen und starken Platzierungen \u00fcberzeugten. Mit 1x Gold, 2x Silber und 4x Bronze lieferte der SVV die beste Bilanz aller ober\u00f6sterreichischen Vereine ab.<\/strong><\/p>\n\n\n\n<p>Besonders erfreulich verliefen die Staffelbewerbe f\u00fcr den SV V\u00f6cklabruck. In der <strong>4 x 50 m Lagenstaffel gemischt<\/strong> mit <strong>Sophie Burgstaller, Hannah Motz, Daniel Leitner und Herbert Motz<\/strong> zeigte das Quartett eine geschlossene Mannschaftsleistung und belegte den starken 9. Platz.<\/p>\n\n\n\n<p>Noch erfolgreicher verlief die <strong>4 x 50 m Freistilstaffel gemischt<\/strong>: <strong>Herbert Motz, Sophie Burgstaller, Magdalena Burgstaller und Daniel Leitner<\/strong> \u00fcbertrafen sich selbst und sicherten sich den hervorragenden 5. Platz.<\/p>\n\n\n\n<p>Beide Staffelergebnisse bedeuteten gleichzeitig die <strong>beste Staffelplatzierung eines ober\u00f6sterreichischen Vereins<\/strong> bei diesen Meisterschaften.<\/p>\n\n\n\n<p>F\u00fcr eine beeindruckende Medaillenserie sorgte <strong>Jakob Edthofer <\/strong>in der<strong> AK 12. <\/strong>Im Mehrlagenprogramm gelang ihm in allen Bewerben eine deutliche pers\u00f6nliche Bestzeit. Seine konstant starken Leistungen wurden mit 2 Silbermedaillen \u00fcber 100 m R\u00fccken und 100 m Brust sowie 4 Bronzemedaillen \u00fcber 50 m Schmetterling, 200 m Lagen, 200 m Freistil und 100 m Lagen belohnt. In der Mehrlagenwertung bedeutete diese starke Serie Rang 3. Lediglich zwei Schwimmern musste er noch den Vortritt lassen.<\/p>\n\n\n\n<p>Einen erfolgreichen Wettkampf absolvierte auch der 15-j\u00e4hrige <strong>Daniel Leitner<\/strong>, der sich gegen \u00e4ltere Konkurrenz in der AK 15\/16 behaupten musste. Mit einer 100-prozentigen pers\u00f6nlichen Bestzeitenquote und ausschlie\u00dflich Top-10-Platzierungen zeigte er seine schwimmerische Vielseitigkeit. \u00dcber 200 m Freistil fehlten als Vierter nur wenige Hundertstel auf eine Medaille, dazu kamen Rang 5 \u00fcber 100 m R\u00fccken, Rang 9 \u00fcber 200 m Lagen und Rang 10 \u00fcber 100 m Schmetterling. Im letzten Einzelbewerb und -lauf der Meisterschaften folgte schlie\u00dflich der H\u00f6hepunkt: In einem spannenden Duell sicherte er sich <strong>Gold \u00fcber 100 m Freistil<\/strong> mit einer hervorragenden Zeit von 52,11 Sekunden.<\/p>\n\n\n\n<p>Mit ebenfalls makelloser Bestzeitenbilanz pr\u00e4sentierte sich <strong>Hannah Motz (AK 13). <\/strong>Besonders stark war sie in den Brustbewerben mit Rang 5 \u00fcber 100 m Brust und 200 m Brustunterwegs. Auch \u00fcber 100 m R\u00fccken (Rang 9) sowie in weiteren Freistil- und Lagenbewerben zeigte sie sehr solide Leistungen.<\/p>\n\n\n\n<p>Top Leistungen zeigte auch  <strong>Sophie Burgstaller <\/strong>in der AK 15\/16. \u00dcber 200 m Freistil, 100 m R\u00fccken und 200 m R\u00fccken konnte sie ihre pers\u00f6nlichen Bestzeiten deutlich verbessern, w\u00e4hrend sie \u00fcber 100 m Freistil nur knapp \u00fcber ihrer bisherigen Bestmarke blieb.<\/p>\n\n\n\n<p>Konstant auf hohem Niveau schwamm der 16-j\u00e4hrige <strong>Herbert Motz <\/strong>in der AK 15\/16.Drei pers\u00f6nliche Bestzeiten sowie zwei weitere starke Rennen unterstrichen seine gute Form. Die beste Platzierung gelang ihm mit Rang 15 \u00fcber 100 m Brust in einem stark besetzten Starterfeld.<\/p>\n\n\n\n<p>Mit pers\u00f6nlicher Bestzeit \u00fcber <strong>100 m Freistil<\/strong> schwamm <strong>Magdalena Burgstaller (AK 13) <\/strong>auf Rang 14. Ebenfalls mit pers\u00f6nlicher Bestleistung belegte die gleichaltrige <strong>Karoline Drack <\/strong>Rang 18 \u00fcber 100 m Freistil, dazu kam Platz 23 \u00fcber 200 m Freistil.<\/p>\n\n\n\n<p>Qualifiziert f\u00fcr die Meisterschaften waren au\u00dferdem <strong>Nazar Muliarchuk (AK 11)<\/strong> sowie <strong>Maria Maak (AK 15\/16)<\/strong>. Beide konnten leider krankheitsbedingt leider nicht an den Start gehen.<\/p>\n\n\n\n<p>Mit einer hervorragenden Einzelbilanz und sehr starken Staffelresultaten pr\u00e4sentierte sich der Schwimmverein V\u00f6cklabruck bei diesen Meisterschaften insgesamt <strong>als erfolgreichster O\u00d6 Verein in der Medaillenbilanz!<\/strong><\/p>\n\n\n\n<div class=\"wp-block-buttons is-layout-flex wp-block-buttons-is-layout-flex\">\n<div class=\"wp-block-button\"><a class=\"wp-block-button__link wp-element-button\" href=\"https:\/\/msecm.at\/de\/veranstaltung-details?eventid=2101\" target=\"_blank\" rel=\"noreferrer noopener nofollow\">Alle Ergebnisse<\/a><\/div>\n\n\n\n<div class=\"wp-block-button\"><a class=\"wp-block-button__link wp-element-button\" href=\"https:\/\/msecm.at\/events\/oehnachwuchs26\/pdfresults\/sv%20voecklabruck.pdf\" target=\"_blank\" rel=\"noreferrer noopener nofollow\">Vereinsergebnis SVV<\/a><\/div>\n\n\n\n<div class=\"wp-block-button\"><a class=\"wp-block-button__link wp-element-button\">Mehrlagenwertung<\/a><\/div>\n\n\n\n<div class=\"wp-block-button\"><a class=\"wp-block-button__link wp-element-button\" href=\"https:\/\/msecm.at\/events\/oehnachwuchs26\/2026%20Medaillen-%C3%96sterr%20Hallenmeisterscha_Gesamt.pdf\" target=\"_blank\" rel=\"noreferrer noopener nofollow\">Medaillenspiegel nach Bundesland<\/a><\/div>\n\n\n\n<div class=\"wp-block-button\"><a class=\"wp-block-button__link wp-element-button\" href=\"https:\/\/photos.app.goo.gl\/9dQSSFgo4HVUtDgQ9\" target=\"_blank\" rel=\"noreferrer noopener nofollow\">Fotos<\/a><\/div>\n\n\n\n<div class=\"wp-block-button\"><a class=\"wp-block-button__link wp-element-button\" href=\"https:\/\/www.meinbezirk.at\/voecklabruck\/c-regionauten-community\/svv-mit-bester-bilanz-aus-ooe-bei-oe-nachwuchsmeisterschaften_a8517202\" target=\"_blank\" rel=\"noreferrer noopener nofollow\">Mein Bezirk<\/a><\/div>\n\n\n\n<div class=\"wp-block-button\"><a class=\"wp-block-button__link wp-element-button\" href=\"https:\/\/www.meinbezirk.at\/salzkammergut\/c-sport\/nachwuchsschwimmer-jakob-edthofer-glaenzt-bei-hallenmeisterschaften_a8510383#\" target=\"_blank\" rel=\"noreferrer noopener nofollow\">Mein Bezirk 2<\/a><\/div>\n\n\n\n<div class=\"wp-block-button\"><a class=\"wp-block-button__link wp-element-button\">Tips<\/a><\/div>\n<\/div>\n\n\n\n<figure class=\"wp-block-image size-large\"><img loading=\"lazy\" decoding=\"async\" width=\"1024\" height=\"768\" src=\"https:\/\/w3.svv.or.at\/wp-content\/uploads\/2026\/03\/SVV_Medaillengewinner_Graz2026-1024x768.jpg\" alt=\"\" class=\"wp-image-1532\" srcset=\"https:\/\/w3.svv.or.at\/wp-content\/uploads\/2026\/03\/SVV_Medaillengewinner_Graz2026-1024x768.jpg 1024w, https:\/\/w3.svv.or.at\/wp-content\/uploads\/2026\/03\/SVV_Medaillengewinner_Graz2026-300x225.jpg 300w, https:\/\/w3.svv.or.at\/wp-content\/uploads\/2026\/03\/SVV_Medaillengewinner_Graz2026-768x576.jpg 768w, https:\/\/w3.svv.or.at\/wp-content\/uploads\/2026\/03\/SVV_Medaillengewinner_Graz2026-1536x1152.jpg 1536w, https:\/\/w3.svv.or.at\/wp-content\/uploads\/2026\/03\/SVV_Medaillengewinner_Graz2026-2048x1536.jpg 2048w\" sizes=\"(max-width: 1024px) 100vw, 1024px\" \/><figcaption class=\"wp-element-caption\">Die SVV-Medaillengewinner mit Trainer Tarik Dautovic<br>v. l. n. r.: Tarik Dautovic, Jakob Edthofer, Daniel Leitner<\/figcaption><\/figure>\n\n\n\n<figure class=\"wp-block-gallery has-nested-images columns-default is-cropped wp-block-gallery-1 is-layout-flex wp-block-gallery-is-layout-flex\">\n<figure class=\"wp-block-image size-large\"><img loading=\"lazy\" decoding=\"async\" width=\"1024\" height=\"768\" data-id=\"1534\" src=\"https:\/\/w3.svv.or.at\/wp-content\/uploads\/2026\/03\/DanielLeitner-1024x768.jpg\" alt=\"\" class=\"wp-image-1534\" srcset=\"https:\/\/w3.svv.or.at\/wp-content\/uploads\/2026\/03\/DanielLeitner-1024x768.jpg 1024w, https:\/\/w3.svv.or.at\/wp-content\/uploads\/2026\/03\/DanielLeitner-300x225.jpg 300w, https:\/\/w3.svv.or.at\/wp-content\/uploads\/2026\/03\/DanielLeitner-768x576.jpg 768w, https:\/\/w3.svv.or.at\/wp-content\/uploads\/2026\/03\/DanielLeitner-1536x1152.jpg 1536w, https:\/\/w3.svv.or.at\/wp-content\/uploads\/2026\/03\/DanielLeitner-2048x1536.jpg 2048w\" sizes=\"(max-width: 1024px) 100vw, 1024px\" \/><figcaption class=\"wp-element-caption\">Daniel Leitner (Jg. 2011) holt Gold \u00fcber 100 m Freistil<\/figcaption><\/figure>\n\n\n\n<figure class=\"wp-block-image size-large\"><img loading=\"lazy\" decoding=\"async\" width=\"1024\" height=\"768\" data-id=\"1535\" src=\"https:\/\/w3.svv.or.at\/wp-content\/uploads\/2026\/03\/JakobEdthofer-2-1024x768.jpg\" alt=\"\" class=\"wp-image-1535\" srcset=\"https:\/\/w3.svv.or.at\/wp-content\/uploads\/2026\/03\/JakobEdthofer-2-1024x768.jpg 1024w, https:\/\/w3.svv.or.at\/wp-content\/uploads\/2026\/03\/JakobEdthofer-2-300x225.jpg 300w, https:\/\/w3.svv.or.at\/wp-content\/uploads\/2026\/03\/JakobEdthofer-2-768x576.jpg 768w, https:\/\/w3.svv.or.at\/wp-content\/uploads\/2026\/03\/JakobEdthofer-2-1536x1152.jpg 1536w, https:\/\/w3.svv.or.at\/wp-content\/uploads\/2026\/03\/JakobEdthofer-2-2048x1536.jpg 2048w\" sizes=\"(max-width: 1024px) 100vw, 1024px\" \/><figcaption class=\"wp-element-caption\">Jakob Edthofer (Jg. 2014) schwimmt zu 2x Silber, 4x Bronze und Rang 3 in der Mehrlagenwertung<\/figcaption><\/figure>\n<\/figure>\n","protected":false},"excerpt":{"rendered":"<p>Von 6. bis 8. M\u00e4rz 2026 fanden in der Auster Graz die \u00d6sterreichischen Meisterschaften der Nachwuchsklassen im Schwimmen statt. Insgesamt 471 Schwimmer aus ganz \u00d6sterreich sorgten mit mehr als 2.000 Starts in sechs Abschnitten an drei Wettkampftagen f\u00fcr ein stark besetztes Teilnehmerfeld. 45 Vereine waren vertreten, darunter auch der Schwimmverein V\u00f6cklabruck, dessen Nachwuchssportler mit zahlreichen [&hellip;]<\/p>\n","protected":false},"author":2,"featured_media":1529,"comment_status":"open","ping_status":"open","sticky":false,"template":"","format":"standard","meta":{"footnotes":""},"categories":[2],"tags":[],"class_list":["post-1527","post","type-post","status-publish","format-standard","has-post-thumbnail","hentry","category-presse"],"_links":{"self":[{"href":"https:\/\/w3.svv.or.at\/index.php?rest_route=\/wp\/v2\/posts\/1527"}],"collection":[{"href":"https:\/\/w3.svv.or.at\/index.php?rest_route=\/wp\/v2\/posts"}],"about":[{"href":"https:\/\/w3.svv.or.at\/index.php?rest_route=\/wp\/v2\/types\/post"}],"author":[{"embeddable":true,"href":"https:\/\/w3.svv.or.at\/index.php?rest_route=\/wp\/v2\/users\/2"}],"replies":[{"embeddable":true,"href":"https:\/\/w3.svv.or.at\/index.php?rest_route=%2Fwp%2Fv2%2Fcomments&post=1527"}],"version-history":[{"count":9,"href":"https:\/\/w3.svv.or.at\/index.php?rest_route=\/wp\/v2\/posts\/1527\/revisions"}],"predecessor-version":[{"id":1545,"href":"https:\/\/w3.svv.or.at\/index.php?rest_route=\/wp\/v2\/posts\/1527\/revisions\/1545"}],"wp:featuredmedia":[{"embeddable":true,"href":"https:\/\/w3.svv.or.at\/index.php?rest_route=\/wp\/v2\/media\/1529"}],"wp:attachment":[{"href":"https:\/\/w3.svv.or.at\/index.php?rest_route=%2Fwp%2Fv2%2Fmedia&parent=1527"}],"wp:term":[{"taxonomy":"category","embeddable":true,"href":"https:\/\/w3.svv.or.at\/index.php?rest_route=%2Fwp%2Fv2%2Fcategories&post=1527"},{"taxonomy":"post_tag","embeddable":true,"href":"https:\/\/w3.svv.or.at\/index.php?rest_route=%2Fwp%2Fv2%2Ftags&post=1527"}],"curies":[{"name":"wp","href":"https:\/\/api.w.org\/{rel}","templated":true}]}}