{"id":1599,"date":"2026-04-27T20:49:38","date_gmt":"2026-04-27T20:49:38","guid":{"rendered":"https:\/\/w3.svv.or.at\/?p=1599"},"modified":"2026-04-28T06:14:50","modified_gmt":"2026-04-28T06:14:50","slug":"svv-auf-erfolgskurs-in-linz-graz","status":"publish","type":"post","link":"https:\/\/w3.svv.or.at\/?p=1599","title":{"rendered":"SVV auf Erfolgskurs in Linz &amp; Graz"},"content":{"rendered":"\n<figure class=\"wp-block-image size-large is-resized\"><img loading=\"lazy\" decoding=\"async\" width=\"1024\" height=\"683\" src=\"https:\/\/w3.svv.or.at\/wp-content\/uploads\/2026\/04\/SchuellerReichlMaya-1024x683.jpeg\" alt=\"\" class=\"wp-image-1600\" style=\"width:842px;height:auto\" srcset=\"https:\/\/w3.svv.or.at\/wp-content\/uploads\/2026\/04\/SchuellerReichlMaya-1024x683.jpeg 1024w, https:\/\/w3.svv.or.at\/wp-content\/uploads\/2026\/04\/SchuellerReichlMaya-300x200.jpeg 300w, https:\/\/w3.svv.or.at\/wp-content\/uploads\/2026\/04\/SchuellerReichlMaya-768x512.jpeg 768w, https:\/\/w3.svv.or.at\/wp-content\/uploads\/2026\/04\/SchuellerReichlMaya-1536x1024.jpeg 1536w, https:\/\/w3.svv.or.at\/wp-content\/uploads\/2026\/04\/SchuellerReichlMaya.jpeg 1600w\" sizes=\"(max-width: 1024px) 100vw, 1024px\" \/><figcaption class=\"wp-element-caption\">Maya Sch\u00fcller-Reichl (Jg. 2017) holt in Linz 1x Gold, 2x Silber und 1x Bronze<\/figcaption><\/figure>\n\n\n\n<p><strong>Beim stark besetzten Schwimm-Meeting des LSK Heindl am 25.\/26. April 2026 auf der Gugl in Linz zeigte der Schwimmverein V\u00f6cklabruck mit einer gro\u00dfen Mannschaft eindrucksvoll auf. Insgesamt 545 Schwimmer von 26 Vereinen aus 4 Nationen sorgten bei rund 2.400 Starts f\u00fcr ein hochklassiges Teilnehmerfeld. Umso erfreulicher ist die Bilanz des SVV: 52 Medaillen (12x Gold, 23x Silber, 17x Bronze) sowie zahlreiche pers\u00f6nliche Bestleistungen unterstreichen die hervorragende Form der Aktiven. Daniel Leitner war zur gleichen Zeit am Start bei der hochkar\u00e4tig besetzten Int. Bauakademie ATUS Graz Trophy (23. bis 26. April) in Graz und zeigte starke Leistungen.<\/strong><\/p>\n\n\n\n<p>Der 15-j\u00e4hrige <strong>Daniel Leitner<\/strong> zeigte in Graz am ersten Tag mit einer starken pers\u00f6nlichen Bestleistung \u00fcber 50 m Brust auf. \u00dcber 50 m Freistil am Freitag sicherte er sich Rang 16 im B-Finale und blieb nur 1 Hundertstelsekunde \u00fcber seiner pers\u00f6nlichen Bestleistung. Der Samstag brachte Rang 18 im B-Finale \u00fcber 200 m Freistil. Einen guten Abschluss und seine beste Platzierung erreichte Daniel am Sonntag mit Rang 12 im B-Finale (100 m Freistil).<\/p>\n\n\n\n<p>In Linz \u00fcberzeugte der 10-j\u00e4hrige <strong>Kerim Dautovic<\/strong>, der bei jedem seiner Starts nicht nur eine Medaille gewann, sondern auch klare pers\u00f6nliche Bestleistungen erzielte. Mit 2x Gold (50 m Schmetterling, 100 m R\u00fccken) und 4x Silber dominierte er seine Altersklasse eindrucksvoll. Ebenfalls stark pr\u00e4sentierte sich seine Schwester <strong>Azra Dautovic <\/strong>(Jg. 2009), die 1x Gold, 2x Silber und 1x Bronze erschwamm.<\/p>\n\n\n\n<p>Bei den Herren gl\u00e4nzte der gleichaltrige <strong>Maximilian Josef Pickl<\/strong> mit 1x Gold, 3x Silber und 1x Bronze. Gemeinsam mit ihm zeigte auch <strong>Karl Alexander Fischereder<\/strong> (19 Jahre) gro\u00df auf, der sich Gold \u00fcber 100 m Schmetterling (Tagesbestzeit) sowie Silber \u00fcber 200 m Freistil sicherte. Seine Schwester <strong>Anna Lea Fischereder<\/strong> komplettierte den Familienerfolg mit 2x Silber und 2x Bronze.<\/p>\n\n\n\n<p>Eine \u00fcberragende Vorstellung lieferte zudem die 16-j\u00e4hrige <strong>Maria Maak<\/strong>, die mit 2x Gold \u00fcber 100 m und 200 m Freistil (beide mit Tagesbestzeit) und 2x Silber gl\u00e4nzte. Ebenfalls ganz oben am Podest stand<strong> Pia Part<\/strong> (Jg. 2008), die 2 Goldene (inklusive Tagesbestzeit \u00fcber 100 m Schmetterling) sowie 1 Silberne erschwamm.<\/p>\n\n\n\n<p>Bei den j\u00fcngeren Jahrg\u00e4ngen beeindruckte besonders das Geschwisterpaar Bako. Der 10-j\u00e4hrige <strong>Balint Bako<\/strong> \u00fcberzeugte mit 100 % pers\u00f6nlichen Bestzeiten und konstanten Top-5-Platzierungen. Seine 2 Jahre j\u00fcngere Schwester <strong>Eszter Bako<\/strong> blieb in beiden Starts \u00fcber 50m R\u00fccken und Brust ungeschlagen und sicherte sich 2x Gold.<\/p>\n\n\n\n<p>Auch <strong>Nazar Muliarchuk<\/strong> (Jg. 2015) zeigte eine starke Serie mit 2x Silber und 3x Bronze sowie durchgehend pers\u00f6nlichen Bestzeiten, was ihm zus\u00e4tzlich Rang 2 in der Mehrlagenwertung einbrachte. Gemeinsam mit <strong>Balint Bako<\/strong>, <strong>Maximilian Schober<\/strong> und <strong>Kerim Dautovic<\/strong> holte er zudem Silber in der 4&#215;100 m Freistilstaffel. In der 4&#215;100 m Lagenstaffel der Herren schwammen <strong>Balint Bako<\/strong>, <strong>Kerim Dautovic<\/strong>, <strong>Makar Minakov<\/strong> und <strong>Maximilian Schober<\/strong> ebenfalls zu Silber.<\/p>\n\n\n\n<p>Bei den Damen sicherten sich <strong>Pia Maria Hasforter<\/strong>, <strong>Lina Engler<\/strong>, <strong>Mira Sch\u00fcller-Reichl<\/strong> und <strong>Maria Stockinger<\/strong> Silber in der 4&#215;100 m Freistilstaffel.<\/p>\n\n\n\n<p>Im Nachwuchsbereich sorgte die 9-j\u00e4hrige <strong>Maya Sch\u00fcller-Reichl<\/strong> f\u00fcr Aufsehen: Als j\u00fcngste Teilnehmerin \u00fcber 200 m Freistil gewann sie direkt die Goldmedaille und holte weiters 2x Silber und 1x Bronze. Die 13-j\u00e4hrige <strong>Karoline Drack<\/strong> erschwamm 2x Bronze und viele pers\u00f6nliche Bestleistungen, w\u00e4hrend der ein Jahr \u00e4ltere <strong>Leonard Pickl<\/strong> 2x Bronze beisteuerte.<\/p>\n\n\n\n<p>Die 11-j\u00e4hrige <strong>Pia Maria Hasforter<\/strong> \u00fcberzeugte mit Bronze \u00fcber 100 m R\u00fccken, Rang 3 in der Mehrlagenwertung sowie mehreren vierten Pl\u00e4tzen bei durchwegs starken pers\u00f6nlichen Bestleistungen.<\/p>\n\n\n\n<p>Weitere Medaillen gingen an <strong>Tobias Haberl<\/strong> (Jg. 2008; 1x Silber), <strong>Julia Skaroupka<\/strong> (Jg. 2011; 1x Bronze), <strong>Karolina Six<\/strong> (Jg. 2016; 1x Bronze), <strong>Anna Poschusta<\/strong> (Jg. 2017; 1x Bronze) sowie <strong>Maria Schober<\/strong> (Jg.2017; 1x Bronze).<\/p>\n\n\n\n<p>Knapp am Podest vorbei schwamm <strong>Finja Zimmermann <\/strong>(Jg. 2009), die in all ihren Bewerben die R\u00e4nge 4 und 5 belegte.<\/p>\n\n\n\n<p><strong>Die Gesamtleistung des Schwimmvereins V\u00f6cklabruck wurde durch die Platzierungen in den Mehrlagenwertungen abgerundet: Die M\u00e4dchen erreichten Rang 4, die Burschen Rang 2.<\/strong><\/p>\n\n\n\n<p>Mit dieser geschlossenen Mannschaftsleistung, zahlreichen pers\u00f6nlichen Bestzeiten und einem beeindruckenden Medaillenspiegel best\u00e4tigt der SVV einmal mehr seine hervorragende Nachwuchsarbeit.<\/p>\n\n\n\n<div class=\"wp-block-buttons is-layout-flex wp-block-buttons-is-layout-flex\">\n<div class=\"wp-block-button\"><a class=\"wp-block-button__link wp-element-button\" href=\"https:\/\/msecm.at\/de\/veranstaltung-details?eventid=2085\" target=\"_blank\" rel=\"noreferrer noopener nofollow\">Ergebnisse Graz gesamt<\/a><\/div>\n\n\n\n<div class=\"wp-block-button\"><a class=\"wp-block-button__link wp-element-button\" href=\"https:\/\/msecm.at\/events\/atusmeeting26\/pdfresults\/sv%20voecklabruck.pdf\" target=\"_blank\" rel=\"noreferrer noopener nofollow\">Ergebnisse Graz Daniel Leitner<\/a><\/div>\n\n\n\n<div class=\"wp-block-button\"><a class=\"wp-block-button__link wp-element-button\" href=\"https:\/\/msecm.at\/de\/veranstaltung-details?eventid=2082\" target=\"_blank\" rel=\"noreferrer noopener nofollow\">Ergebnisse Linz gesamt<\/a><\/div>\n\n\n\n<div class=\"wp-block-button\"><a class=\"wp-block-button__link wp-element-button\" href=\"https:\/\/msecm.at\/events\/lskmeeting26\/pdfresults\/sv%20voecklabruck.pdf\" target=\"_blank\" rel=\"noreferrer noopener nofollow\">Ergebnisse Linz SVV<\/a><\/div>\n\n\n\n<div class=\"wp-block-button\"><a class=\"wp-block-button__link wp-element-button\" href=\"https:\/\/photos.app.goo.gl\/QB6SM3VEEdU2qM1D6\" target=\"_blank\" rel=\"noreferrer noopener nofollow\">Fotos<\/a><\/div>\n\n\n\n<div class=\"wp-block-button\"><a class=\"wp-block-button__link wp-element-button\" href=\"https:\/\/www.meinbezirk.at\/voecklabruck\/c-regionauten-community\/svv-auf-erfolgskurs-in-linz-und-graz_a8611376\">Bericht in Mein Bezirk<\/a><\/div>\n\n\n\n<div class=\"wp-block-button\"><a class=\"wp-block-button__link wp-element-button\">Bericht Tips<\/a><\/div>\n<\/div>\n","protected":false},"excerpt":{"rendered":"<p>Beim stark besetzten Schwimm-Meeting des LSK Heindl am 25.\/26. April 2026 auf der Gugl in Linz zeigte der Schwimmverein V\u00f6cklabruck mit einer gro\u00dfen Mannschaft eindrucksvoll auf. Insgesamt 545 Schwimmer von 26 Vereinen aus 4 Nationen sorgten bei rund 2.400 Starts f\u00fcr ein hochklassiges Teilnehmerfeld. Umso erfreulicher ist die Bilanz des SVV: 52 Medaillen (12x Gold, [&hellip;]<\/p>\n","protected":false},"author":2,"featured_media":1600,"comment_status":"open","ping_status":"open","sticky":false,"template":"","format":"standard","meta":{"footnotes":""},"categories":[2],"tags":[],"class_list":["post-1599","post","type-post","status-publish","format-standard","has-post-thumbnail","hentry","category-presse"],"_links":{"self":[{"href":"https:\/\/w3.svv.or.at\/index.php?rest_route=\/wp\/v2\/posts\/1599"}],"collection":[{"href":"https:\/\/w3.svv.or.at\/index.php?rest_route=\/wp\/v2\/posts"}],"about":[{"href":"https:\/\/w3.svv.or.at\/index.php?rest_route=\/wp\/v2\/types\/post"}],"author":[{"embeddable":true,"href":"https:\/\/w3.svv.or.at\/index.php?rest_route=\/wp\/v2\/users\/2"}],"replies":[{"embeddable":true,"href":"https:\/\/w3.svv.or.at\/index.php?rest_route=%2Fwp%2Fv2%2Fcomments&post=1599"}],"version-history":[{"count":7,"href":"https:\/\/w3.svv.or.at\/index.php?rest_route=\/wp\/v2\/posts\/1599\/revisions"}],"predecessor-version":[{"id":1608,"href":"https:\/\/w3.svv.or.at\/index.php?rest_route=\/wp\/v2\/posts\/1599\/revisions\/1608"}],"wp:featuredmedia":[{"embeddable":true,"href":"https:\/\/w3.svv.or.at\/index.php?rest_route=\/wp\/v2\/media\/1600"}],"wp:attachment":[{"href":"https:\/\/w3.svv.or.at\/index.php?rest_route=%2Fwp%2Fv2%2Fmedia&parent=1599"}],"wp:term":[{"taxonomy":"category","embeddable":true,"href":"https:\/\/w3.svv.or.at\/index.php?rest_route=%2Fwp%2Fv2%2Fcategories&post=1599"},{"taxonomy":"post_tag","embeddable":true,"href":"https:\/\/w3.svv.or.at\/index.php?rest_route=%2Fwp%2Fv2%2Ftags&post=1599"}],"curies":[{"name":"wp","href":"https:\/\/api.w.org\/{rel}","templated":true}]}}